{"id":96,"date":"2024-12-05T19:18:06","date_gmt":"2024-12-05T19:18:06","guid":{"rendered":"https:\/\/2025.coop.ar\/?p=96"},"modified":"2025-04-29T21:11:01","modified_gmt":"2025-04-29T21:11:01","slug":"taller-nacional-sobre-formacion-dirigencial","status":"publish","type":"post","link":"https:\/\/2025.coop.ar\/?p=96","title":{"rendered":"Taller Nacional sobre Formaci\u00f3n Dirigencial"},"content":{"rendered":"<p>En este Taller Nacional los principales institutos de formaci\u00f3n del movimiento cooperativo y las organizaciones juveniles del sector convocan a debatir sobre las oportunidades y desaf\u00edos en la formaci\u00f3n de cuadros dirigenciales del cooperativismo.<\/p>\n<p>El taller ser\u00e1 de una jornada de trabajo, durante la cual las distintas instituciones y organizaciones pondr\u00e1n en com\u00fan sus saberes y experiencias, y procurar\u00e1n identificar caminos de intercooperaci\u00f3n para mejorar la formaci\u00f3n de los actuales y futuros dirigentes de las empresas cooperativas.<\/p>\n<p>Las presentaciones ser\u00e1n grabadas y los debates publicados a los efectos de que pueden ser insumos para organizar debates sobre este tema en todas\u00a0 las organizaciones del movimiento cooperativo interesadas.<\/p>\n<p>Dirigido a:<\/p>\n<ul>\n<li>Instituciones y \u00e1reas de capacitaci\u00f3n del sector cooperativo.<\/li>\n<li>Organizaciones de juveniles del cooperativismo<\/li>\n<li>Federaciones interesadas en desarrollar o mejorar sus programas de capacitaci\u00f3n.<\/li>\n<\/ul>\n<p>&nbsp;<\/p>\n","protected":false},"excerpt":{"rendered":"<p>En este Taller Nacional los principales institutos de formaci\u00f3n del movimiento cooperativo y las organizaciones juveniles del sector convocan a debatir sobre las oportunidades y desaf\u00edos en la formaci\u00f3n de cuadros dirigenciales del cooperativismo. El taller ser\u00e1 de una jornada de trabajo, durante la cual las distintas instituciones y organizaciones pondr\u00e1n en com\u00fan sus saberes [&hellip;]<\/p>\n","protected":false},"author":1,"featured_media":0,"comment_status":"open","ping_status":"open","sticky":false,"template":"","format":"standard","meta":{"footnotes":""},"categories":[5],"tags":[],"class_list":["post-96","post","type-post","status-publish","format-standard","hentry","category-agenda"],"acf":[],"_links":{"self":[{"href":"https:\/\/2025.coop.ar\/index.php?rest_route=\/wp\/v2\/posts\/96","targetHints":{"allow":["GET"]}}],"collection":[{"href":"https:\/\/2025.coop.ar\/index.php?rest_route=\/wp\/v2\/posts"}],"about":[{"href":"https:\/\/2025.coop.ar\/index.php?rest_route=\/wp\/v2\/types\/post"}],"author":[{"embeddable":true,"href":"https:\/\/2025.coop.ar\/index.php?rest_route=\/wp\/v2\/users\/1"}],"replies":[{"embeddable":true,"href":"https:\/\/2025.coop.ar\/index.php?rest_route=%2Fwp%2Fv2%2Fcomments&post=96"}],"version-history":[{"count":9,"href":"https:\/\/2025.coop.ar\/index.php?rest_route=\/wp\/v2\/posts\/96\/revisions"}],"predecessor-version":[{"id":1181,"href":"https:\/\/2025.coop.ar\/index.php?rest_route=\/wp\/v2\/posts\/96\/revisions\/1181"}],"wp:attachment":[{"href":"https:\/\/2025.coop.ar\/index.php?rest_route=%2Fwp%2Fv2%2Fmedia&parent=96"}],"wp:term":[{"taxonomy":"category","embeddable":true,"href":"https:\/\/2025.coop.ar\/index.php?rest_route=%2Fwp%2Fv2%2Fcategories&post=96"},{"taxonomy":"post_tag","embeddable":true,"href":"https:\/\/2025.coop.ar\/index.php?rest_route=%2Fwp%2Fv2%2Ftags&post=96"}],"curies":[{"name":"wp","href":"https:\/\/api.w.org\/{rel}","templated":true}]}}